{"id":324,"date":"2025-12-31T12:57:14","date_gmt":"2025-12-31T12:57:14","guid":{"rendered":"https:\/\/frank-e.dk\/?p=324"},"modified":"2025-12-31T12:57:49","modified_gmt":"2025-12-31T12:57:49","slug":"til-nytaar","status":"publish","type":"post","link":"https:\/\/frank-e.dk\/?p=324","title":{"rendered":"Til nyt\u00e5r"},"content":{"rendered":"\n<p>JEG VIL HAVE NOGET NYT, skriger barnet<br>og her kommer det<br>et helt nyt \u00e5r<br>frostklart og jomfrueligt<br>modsat det gamle, grumsede, beskidte<\/p>\n\n\n\n<p>nyt \u00e5r &#8211; klart til brug fra f\u00f8rste \u00f8jeblik<br>du flytter ind i det<br>omgivet af muntre farver p\u00e5 himlen<br>da kalenderen skifter<br>og husstandene hujer hoppende og<br>afbl\u00e6ser gammelt krudt og hjerneceller<br>de alligevel ikke skal bruge<br>skyder det for\u00e6ldede \u00e5r ud<br>kysser hinanden i forventningen om<br>et godt, nyt \u00e5r<\/p>\n\n\n\n<p>barnet har ikke t\u00e6nkt p\u00e5 \u00e5ret<br>den m\u00e6rkelige organisme<br>der sl\u00e6ber sig afsted og<br>med den alle vi andre<br>\u00e5ret, som nu m\u00e5 pakke sig ned i arkivet<br>\u201cdet er helt urimeligt\u201d vil det sige<br>\u201cdet er jo bare et skift i kalenderen\u201d<br>\u201ctiden g\u00e5r p\u00e5 samme m\u00e5de hele tiden\u201d<br>og det har jo ret<br>det nye \u00e5r har alle de gamle med sig<\/p>\n\n\n\n<p>de st\u00e5r bag ved det og hujer hoppende p\u00e5 barnet og<br>ler af dets klodsede, uf\u00e6rdige bev\u00e6gelser<br>uafsluttede tanker og alle vi andre b\u00f8rn<\/p>\n\n\n\n<p>og vi kan ikke rigtigt se det<\/p>\n\n\n\n<p><\/p>\n","protected":false},"excerpt":{"rendered":"<p>JEG VIL HAVE NOGET NYT, skriger barnetog her kommer detet helt nyt \u00e5rfrostklart og jomfrueligtmodsat det gamle, grumsede, beskidte nyt \u00e5r &#8211; klart til brug fra f\u00f8rste \u00f8jeblikdu flytter ind i detomgivet af muntre farver p\u00e5 himlenda kalenderen skifterog husstandene hujer hoppende ogafbl\u00e6ser gammelt krudt og hjernecellerde alligevel ikke skal brugeskyder det for\u00e6ldede \u00e5r udkysser&hellip;<\/p>\n","protected":false},"author":1,"featured_media":0,"comment_status":"open","ping_status":"open","sticky":false,"template":"","format":"standard","meta":{"footnotes":""},"categories":[9,19,18],"tags":[24,20],"class_list":["post-324","post","type-post","status-publish","format-standard","hentry","category-litteratur","category-lyrik","category-poesi","tag-lyrik","tag-digte"],"_links":{"self":[{"href":"https:\/\/frank-e.dk\/index.php?rest_route=\/wp\/v2\/posts\/324","targetHints":{"allow":["GET"]}}],"collection":[{"href":"https:\/\/frank-e.dk\/index.php?rest_route=\/wp\/v2\/posts"}],"about":[{"href":"https:\/\/frank-e.dk\/index.php?rest_route=\/wp\/v2\/types\/post"}],"author":[{"embeddable":true,"href":"https:\/\/frank-e.dk\/index.php?rest_route=\/wp\/v2\/users\/1"}],"replies":[{"embeddable":true,"href":"https:\/\/frank-e.dk\/index.php?rest_route=%2Fwp%2Fv2%2Fcomments&post=324"}],"version-history":[{"count":1,"href":"https:\/\/frank-e.dk\/index.php?rest_route=\/wp\/v2\/posts\/324\/revisions"}],"predecessor-version":[{"id":325,"href":"https:\/\/frank-e.dk\/index.php?rest_route=\/wp\/v2\/posts\/324\/revisions\/325"}],"wp:attachment":[{"href":"https:\/\/frank-e.dk\/index.php?rest_route=%2Fwp%2Fv2%2Fmedia&parent=324"}],"wp:term":[{"taxonomy":"category","embeddable":true,"href":"https:\/\/frank-e.dk\/index.php?rest_route=%2Fwp%2Fv2%2Fcategories&post=324"},{"taxonomy":"post_tag","embeddable":true,"href":"https:\/\/frank-e.dk\/index.php?rest_route=%2Fwp%2Fv2%2Ftags&post=324"}],"curies":[{"name":"wp","href":"https:\/\/api.w.org\/{rel}","templated":true}]}}