{"id":130,"date":"2017-05-05T13:30:35","date_gmt":"2017-05-05T13:30:35","guid":{"rendered":"http:\/\/frank-e.dk\/?p=130"},"modified":"2017-05-08T08:46:18","modified_gmt":"2017-05-08T08:46:18","slug":"lidt-om-modenhed","status":"publish","type":"post","link":"https:\/\/frank-e.dk\/?p=130","title":{"rendered":"Lidt om modenhed"},"content":{"rendered":"<p>Hvilken bedre dag til at skrive lidt om modenhed end ens f\u00f8dselsdag, hvor endnu et \u00e5rs \u00f8rkensand er sevet imellem fingrerne p\u00e5 skribenten, og denne halvunges tanker er p\u00e5 fremtiden:<\/p>\n<p>Der har altid v\u00e6ret en opfattelse af, hvad det er at v\u00e6re moden. Livets faser, kalder nogle det, og selv om tiderne har \u00e6ndret sig, er der aldre til at blive for\u00e6ldre og bedstefor\u00e6ldre, aldre til alt muligt, man if\u00f8lge en given tids folkevids uskrevne regler b\u00f8r g\u00f8re i en given alder.<\/p>\n<p>Som det er idag, er man voksen, n\u00e5r man fylder 18, man er lidt mere voksen, n\u00e5r man flytter hjemmefra, og f\u00f8rst rigtigt voksen, n\u00e5r man f\u00e5r b\u00f8rn og dermed et ansvar for, at ogs\u00e5 de er forberedt p\u00e5 livets faser og udfordringer.<\/p>\n<p>I vide kredse og m\u00e5ske is\u00e6r blandt dem, som er \u00e6ldre end en selv, er der uskrevne regler for, hvad man b\u00f8r g\u00e5 op i, hvordan, man skal deltage i samfundet (arbejde), hvordan man skal bo (er man f.eks. 41 b\u00f8r man nok bo i hus), hvordan ens k\u00e6rlighedsliv b\u00f8r v\u00e6re (kone &amp; b\u00f8rn), hvilke interesser, man b\u00f8r have (er man f.eks. 41, b\u00f8r man g\u00e5 op i sit hjem, sin familie og m\u00e5ske adspredelser med familien, en ny bil, en dyr ferie eller lignende).<\/p>\n<p>Man b\u00f8r i sin opf\u00f8rsel vise, at man har f\u00e5et l\u00f8bet hornene af sig, ikke har behov for at provokere og skeje ud, som man gjorde som yngre, have f\u00e5et filet lidt af ungdommens skarpe udsagn, lystre disse uskrevne regler mere end f\u00f8r. Opgive sine (egoistiske) dr\u00f8mme og istedet hengive sig til at s\u00f8rge for familie, arbejde h\u00e5rdt og skabe ro omkring sig.<\/p>\n<p>\u201dBliv voksen\u201d \u2013 \u201dn\u00e5r du f\u00e5r b\u00f8rn, s\u00e5 holder du op med at tage p\u00e5 Roskilde\u201d osv. er noget af det, jeg har h\u00f8rt fra dem, der er \u00e6ldre end jeg. Men jeg kan, med en vis f\u00f8lelse af triumf, ytre, at jeg ikke rigtigt lever op til alle disse uskrevne regler. Og at jeg slet ikke finder, at det at lystre s\u00e5danne uskrevne regler har specielt meget med modenhed at g\u00f8re.<\/p>\n<p>Som b\u00f8rn og som unge er de fleste af os meget optaget af at passe ind. N\u00e5r teenage\u00e5rene og 20\u2019erne f\u00f8lger, pr\u00f8ver vi m\u00e5ske n\u00e6rmere p\u00e5 at skille os ud for at passe ind \u2013 det er jo i denne alder, at de fleste finder ud af, hvem de er og hvem, de gerne vil v\u00e6re \u2013 identitetsdannelse, hvor nogle g\u00f8r opr\u00f8r mod for\u00e6ldrenes idealer.<\/p>\n<p>Men samtidig er der og har der blandt mange unge v\u00e6ret en st\u00e6rk gruppeidentitet, som sociologer og samfundsforskere siden fylder ned i den sproglige silo, de kalder for en generation.<\/p>\n<p>Med udtrykket generation f\u00f8lger som oftest nogle idealer, noget musik og kultur, noget typisk t\u00f8j, som var moderne i generationen, noget teknologi, og nogle udefrakommende historiske faktorer \u2013 krige, teknologisk udvikling, \u00f8konomiske konjukturer osv.<\/p>\n<p>N\u00e5r en generation er beskrevet, er det sj\u00e6ldent s\u00e6rligt mange, der f\u00f8ler sig som en del af den \u2013 men alligevel arrangeres der f.eks. ledelseskurser i at t\u00e6kkes den seneste generation, Generation Y (f. 1980-2000), curlingb\u00f8rnene \u2013 givet at dele af generationen endnu ikke har forladt hjemmet, er generationen endnu under beskrivelse, s\u00e5 k\u00e6r generation har mange navne.<\/p>\n<p>S\u00e5ledes forskes der i modenhed, livets faser, og disses udfoldelse blandt forskellige generationer og \u00e5rgange. Og konklusionerne i s\u00e5dan forskning er i noget omfang selvforst\u00e6rkende, da rigtigt mange jo endnu er optaget af at passe ind og gerne vil vide, hvad de andre g\u00f8r, hvad, der er oppe i tiden.<\/p>\n<p>Men er dette modenhed? Er det modenhed at g\u00f8re, som de andre g\u00f8r? At lystre skrevne og uskrevne regler? Hvis vi splitter ordet op til \u201dmod enhed\u201d, s\u00e5 er det m\u00e5ske. Men hvis vi ser p\u00e5, hvordan det at passe ind betyder allermest i barndommen, s\u00e5 er det vel n\u00e6ppe modent at agere efter dette barnlige m\u00e5l, n\u00e5r man bliver 30 eller 40 eller 70.<\/p>\n<p>Derfor vil jeg agitere for en anden definition p\u00e5 modenhed, som er ganske simpel \u2013 man er moden (nok), n\u00e5r man p\u00e5 egen h\u00e5nd form\u00e5r at tr\u00e6ffe oplyste beslutninger, og tage ansvaret for dem og f\u00f8lgerne af dem.<\/p>\n<p>N\u00e5r man er moden nok til ikke n\u00f8dvendigvis at f\u00f8lge gruppen &#8211; som b\u00e5de i barndommen og ungdommen jo p\u00e5 den ene eller anden m\u00e5de har f\u00e5et de fleste til at g\u00f8re b\u00e5de forkerte og t\u00e5belige ting. Og n\u00e5r man er moden \u2013 og modig \u2013 nok til at forf\u00f8lge sine egne m\u00e5l og er i stand til at forklare, hvorfor disse m\u00e5l er vigtige \u2013 for en selv, men gerne ogs\u00e5 for andre.<\/p>\n<p>Ikke dermed sagt, at modne mennesker ikke tr\u00e6ffer forkerte og d\u00e5rlige beslutninger \u2013 for det g\u00f8r vi alle sammen, for ikke alle beslutninger kan tr\u00e6ffes p\u00e5 et oplyst grundlag, og uden indflydelse fra f\u00f8lelserne i beslutningens og handlingens nu. Ikke dermed sagt, at vi ikke skal v\u00e6re en del af grupper og sammenh\u00e6nge \u2013 men grupperne skal v\u00e6re tolerante nok til ogs\u00e5 at rumme os selv. Og ikke dermed sagt, at der i denne definition p\u00e5 modenhed ikke ogs\u00e5 ligger en bevidsthed om, at ikke alle vore dr\u00f8mme og \u00f8nsker kan blive opfyldt. Men m\u00e5 ikke forhindre os i at have dem og ytre dem.<\/p>\n<p>Der er alts\u00e5 tale om en balance \u2013 vi rummer som mennesker b\u00e5de barndommens infantile provokationer og bevidstl\u00f8se \u201djeg vil\u201d, som overfor de fleste voksne viser og skaber det modsatte af tolerance. Vi skal forf\u00f8lge vores egne m\u00e5l og alligevel g\u00f8re plads til, at andre kan g\u00f8re det samme.<\/p>\n","protected":false},"excerpt":{"rendered":"<p>Hvilken bedre dag til at skrive lidt om modenhed end ens f\u00f8dselsdag, hvor endnu et \u00e5rs \u00f8rkensand er sevet imellem fingrerne p\u00e5 skribenten, og denne halvunges tanker er p\u00e5 fremtiden: Der har altid v\u00e6ret en opfattelse af, hvad det er at v\u00e6re moden. Livets faser, kalder nogle det, og selv om tiderne har \u00e6ndret sig,&hellip;<\/p>\n","protected":false},"author":1,"featured_media":0,"comment_status":"open","ping_status":"open","sticky":false,"template":"","format":"standard","meta":{"footnotes":""},"categories":[6,5,7],"tags":[],"class_list":["post-130","post","type-post","status-publish","format-standard","hentry","category-filosofi","category-lidt-om","category-samfund"],"_links":{"self":[{"href":"https:\/\/frank-e.dk\/index.php?rest_route=\/wp\/v2\/posts\/130","targetHints":{"allow":["GET"]}}],"collection":[{"href":"https:\/\/frank-e.dk\/index.php?rest_route=\/wp\/v2\/posts"}],"about":[{"href":"https:\/\/frank-e.dk\/index.php?rest_route=\/wp\/v2\/types\/post"}],"author":[{"embeddable":true,"href":"https:\/\/frank-e.dk\/index.php?rest_route=\/wp\/v2\/users\/1"}],"replies":[{"embeddable":true,"href":"https:\/\/frank-e.dk\/index.php?rest_route=%2Fwp%2Fv2%2Fcomments&post=130"}],"version-history":[{"count":2,"href":"https:\/\/frank-e.dk\/index.php?rest_route=\/wp\/v2\/posts\/130\/revisions"}],"predecessor-version":[{"id":132,"href":"https:\/\/frank-e.dk\/index.php?rest_route=\/wp\/v2\/posts\/130\/revisions\/132"}],"wp:attachment":[{"href":"https:\/\/frank-e.dk\/index.php?rest_route=%2Fwp%2Fv2%2Fmedia&parent=130"}],"wp:term":[{"taxonomy":"category","embeddable":true,"href":"https:\/\/frank-e.dk\/index.php?rest_route=%2Fwp%2Fv2%2Fcategories&post=130"},{"taxonomy":"post_tag","embeddable":true,"href":"https:\/\/frank-e.dk\/index.php?rest_route=%2Fwp%2Fv2%2Ftags&post=130"}],"curies":[{"name":"wp","href":"https:\/\/api.w.org\/{rel}","templated":true}]}}